{"id":4488,"date":"2019-09-30T12:15:44","date_gmt":"2019-09-30T12:15:44","guid":{"rendered":"https:\/\/stagepro.rs\/tag-der-republik-serbien-banja-luka\/"},"modified":"2025-05-20T01:54:50","modified_gmt":"2025-05-20T01:54:50","slug":"tag-der-republik-serbien-banja-luka","status":"publish","type":"post","link":"https:\/\/stagepro.rs\/de\/tag-der-republik-serbien-banja-luka\/","title":{"rendered":"\u201eTAG DER REPUBLIK SERBIEN\u201c BANJA LUKA"},"content":{"rendered":"<section class=\"l-section wpb_row height_small\"><div class=\"l-section-h i-cf\"><div class=\"g-cols vc_row via_grid cols_1 laptops-cols_inherit tablets-cols_inherit mobiles-cols_1 valign_top type_default stacking_default\"><div class=\"wpb_column vc_column_container\"><div class=\"vc_column-inner\"><div class=\"wpb_text_column\"><div class=\"wpb_wrapper\"><p>Die Republika Srpska feierte ihren 26. Geburtstag! In Banja Luka wurde der Tag der Republik mit einer Reihe von Veranstaltungen begangen, an denen Beamte der Republik Srpska, Serbiens, Vertreter der Republik Srpska in den Institutionen von Bosnien und Herzegowina sowie zahlreiche W\u00fcrdentr\u00e4ger aus der Region und der Welt teilnahmen. Das Team von Stage Pro wurde f\u00fcr zahlreiche Sonderkonstruktionen und Trib\u00fcnen engagiert.<\/p>\n<\/div><\/div><\/div><\/div><\/div><\/div><\/section>\n","protected":false},"excerpt":{"rendered":"Die Republika Srpska feierte ihren 26. Geburtstag! In Banja Luka wurde der Tag der Republik mit einer Reihe von Veranstaltungen begangen, an denen Beamte der Republik Srpska, Serbiens, Vertreter der Republik Srpska in den Institutionen von Bosnien und Herzegowina sowie zahlreiche W\u00fcrdentr\u00e4ger aus der Region und der Welt teilnahmen. Das Team von Stage Pro wurde...","protected":false},"author":2,"featured_media":2842,"comment_status":"closed","ping_status":"closed","sticky":false,"template":"","format":"standard","meta":{"footnotes":""},"categories":[9],"tags":[],"class_list":["post-4488","post","type-post","status-publish","format-standard","has-post-thumbnail","hentry","category-nicht-kategorisiert"],"_links":{"self":[{"href":"https:\/\/stagepro.rs\/de\/wp-json\/wp\/v2\/posts\/4488","targetHints":{"allow":["GET"]}}],"collection":[{"href":"https:\/\/stagepro.rs\/de\/wp-json\/wp\/v2\/posts"}],"about":[{"href":"https:\/\/stagepro.rs\/de\/wp-json\/wp\/v2\/types\/post"}],"author":[{"embeddable":true,"href":"https:\/\/stagepro.rs\/de\/wp-json\/wp\/v2\/users\/2"}],"replies":[{"embeddable":true,"href":"https:\/\/stagepro.rs\/de\/wp-json\/wp\/v2\/comments?post=4488"}],"version-history":[{"count":0,"href":"https:\/\/stagepro.rs\/de\/wp-json\/wp\/v2\/posts\/4488\/revisions"}],"wp:featuredmedia":[{"embeddable":true,"href":"https:\/\/stagepro.rs\/de\/wp-json\/wp\/v2\/media\/2842"}],"wp:attachment":[{"href":"https:\/\/stagepro.rs\/de\/wp-json\/wp\/v2\/media?parent=4488"}],"wp:term":[{"taxonomy":"category","embeddable":true,"href":"https:\/\/stagepro.rs\/de\/wp-json\/wp\/v2\/categories?post=4488"},{"taxonomy":"post_tag","embeddable":true,"href":"https:\/\/stagepro.rs\/de\/wp-json\/wp\/v2\/tags?post=4488"}],"curies":[{"name":"wp","href":"https:\/\/api.w.org\/{rel}","templated":true}]}}